{"id":636,"date":"2011-08-08T05:00:46","date_gmt":"2011-08-08T03:00:46","guid":{"rendered":"http:\/\/www.eugenedemazenod.net\/fra\/?p=636"},"modified":"2011-07-26T07:30:30","modified_gmt":"2011-07-26T05:30:30","slug":"evaluation-des-missions-paroissiales-quels-jours-merveilleux-pour-un-pasteur-que-ceux-des-ceremonies-de-cloture-des-missions","status":"publish","type":"post","link":"http:\/\/www.eugenedemazenod.net\/fra\/?p=636","title":{"rendered":"\u00c9VALUATION DES MISSIONS PAROISSIALES : QUELS JOURS MERVEILLEUX POUR UN PASTEUR QUE CEUX DES C\u00c9R\u00c9MONIES DE CL\u00d4TURE DES MISSIONS !"},"content":{"rendered":"<p>Court\u00e8s, intimement engag\u00e9 avec le Fondateur d\u00e8s l\u2019origine, peut \u00eatre cit\u00e9 comme disant, de fa\u00e7on nostalgique, que les missions de leurs premi\u00e8res ann\u00e9es ensemble comme Missionnaires ne furent jamais surpass\u00e9es. (H. Court\u00e8s, M\u00e9moires, cit\u00e9es dans RAMBERT, Volume I, p.228)<\/p>\n<p>C\u2019\u00e9tait l\u2019enthousiasme de quelque chose de nouveau \u2013 un groupe d\u2019hommes exp\u00e9rimentant l\u2019\u00e9motion de voir que leur id\u00e9al s\u2019appliquait, et le sens de l\u2019\u00e9merveillement en en percevant les r\u00e9sultats. Avec chaque mission, leurs id\u00e9aux se transformaient et se fortifiaient. Eug\u00e8ne y prit part avec eux jusqu\u2019en 1823, et durant ces ann\u00e9es il y injecta tout ce qu\u2019il avait de particulier dans sa vision et son esprit. Apr\u00e8s cela, il fut totalement engag\u00e9 comme Sup\u00e9rieur G\u00e9n\u00e9ral, m\u00eame \u00e0 distance, dans tous les d\u00e9tails des missions, jusqu\u2019\u00e0 ce que la Congr\u00e9gation fut devenue trop grande pour qu\u2019il ait pu \u00eatre intimement engag\u00e9 dans ces d\u00e9tails.<\/p>\n<p>Son int\u00e9r\u00eat pour les missions n\u2019\u00e9tait pas limit\u00e9 aux seuls Oblats, mais il d\u00e9borda jusque sur son dioc\u00e8se. Comme \u00c9v\u00eaque de Marseille, il encouragea activement les missions paroissiales, et \u00e9crivit m\u00eame une Lettre Pastorale \u00e0 son dioc\u00e8se pour appuyer le fait qu\u2019elles soient r\u00e9guli\u00e8rement men\u00e9es. Comme jeune pr\u00eatre, il avait reconnu l\u2019importance des missions paroissiales et avait consacr\u00e9 sa vie \u00e0 ce minist\u00e8re \u2013 \u00e0 pr\u00e9sent, trente ans plus tard, il \u00e9tait in\u00e9branlable dans la m\u00eame conviction. Dans un beau passage de son Journal de 1846, il \u00e9crivait \u00e0 propos de sa joie d\u2019\u00eatre en mesure de participer, comme \u00c9v\u00eaque de son dioc\u00e8se, aux c\u00e9r\u00e9monies d\u2019une mission :<\/p>\n<blockquote>\n<h5 style=\"text-align: justify;\"><strong>[Cl\u00f4ture de la mission \u00e0 St-Antoine]. Ce sont de beaux jours pour un \u00e9v\u00eaque que ces cl\u00f4tures de missions ! Qu\u2019on ne me sache point gr\u00e9 de ce que jamais je ne refuse de m\u2019y trouver. Voir une paroisse r\u00e9concili\u00e9e avec Dieu, recevoir des mains de son pasteur le corps de J\u00e9sus-Christ, adresser des paroles \u00e9difiantes \u00e0 cette portion de mon troupeau, remplir ainsi le grand devoir de la pr\u00e9dication impos\u00e9 aux \u00e9v\u00eaques, donner la confirmation \u00e0 des hommes qui ne la recevraient pas sans cela, c\u2019est une consolation qui r\u00e9compense de toute fatigue. Je croirais commettre un p\u00e9ch\u00e9 mortel si, pouvant si facilement donner le Saint-Esprit et faire de parfaits chr\u00e9tiens, je m\u2019abstenais pour des raisons frivoles de me rendre aux d\u00e9sirs des \u00e2mes qui m\u2019ont \u00e9t\u00e9 confi\u00e9es.<\/strong><\/h5>\n<\/blockquote>\n<p style=\"text-align: right;\"><em>Journal, le 22 mars 1846, E.O. XXI<\/em><\/p>\n","protected":false},"excerpt":{"rendered":"<p>Court\u00e8s, intimement engag\u00e9 avec le Fondateur d\u00e8s l\u2019origine, peut \u00eatre cit\u00e9 comme disant, de fa\u00e7on nostalgique, que les missions de leurs premi\u00e8res ann\u00e9es ensemble comme Missionnaires ne furent jamais surpass\u00e9es. (H. Court\u00e8s, M\u00e9moires, cit\u00e9es dans RAMBERT, Volume I, p.228) C\u2019\u00e9tait &hellip; <a href=\"http:\/\/www.eugenedemazenod.net\/fra\/?p=636\">Continuer la lecture <span class=\"meta-nav\">&rarr;<\/span><\/a><\/p>\n","protected":false},"author":1,"featured_media":0,"comment_status":"open","ping_status":"open","sticky":false,"template":"","format":"standard","meta":{"_monsterinsights_skip_tracking":false,"_monsterinsights_sitenote_active":false,"_monsterinsights_sitenote_note":"","_monsterinsights_sitenote_category":0,"footnotes":""},"categories":[21],"tags":[59],"class_list":["post-636","post","type-post","status-publish","format-standard","hentry","category-journal","tag-missions-paroissiales"],"_links":{"self":[{"href":"http:\/\/www.eugenedemazenod.net\/fra\/index.php?rest_route=\/wp\/v2\/posts\/636","targetHints":{"allow":["GET"]}}],"collection":[{"href":"http:\/\/www.eugenedemazenod.net\/fra\/index.php?rest_route=\/wp\/v2\/posts"}],"about":[{"href":"http:\/\/www.eugenedemazenod.net\/fra\/index.php?rest_route=\/wp\/v2\/types\/post"}],"author":[{"embeddable":true,"href":"http:\/\/www.eugenedemazenod.net\/fra\/index.php?rest_route=\/wp\/v2\/users\/1"}],"replies":[{"embeddable":true,"href":"http:\/\/www.eugenedemazenod.net\/fra\/index.php?rest_route=%2Fwp%2Fv2%2Fcomments&post=636"}],"version-history":[{"count":0,"href":"http:\/\/www.eugenedemazenod.net\/fra\/index.php?rest_route=\/wp\/v2\/posts\/636\/revisions"}],"wp:attachment":[{"href":"http:\/\/www.eugenedemazenod.net\/fra\/index.php?rest_route=%2Fwp%2Fv2%2Fmedia&parent=636"}],"wp:term":[{"taxonomy":"category","embeddable":true,"href":"http:\/\/www.eugenedemazenod.net\/fra\/index.php?rest_route=%2Fwp%2Fv2%2Fcategories&post=636"},{"taxonomy":"post_tag","embeddable":true,"href":"http:\/\/www.eugenedemazenod.net\/fra\/index.php?rest_route=%2Fwp%2Fv2%2Ftags&post=636"}],"curies":[{"name":"wp","href":"https:\/\/api.w.org\/{rel}","templated":true}]}}